{"id":9032,"date":"2025-01-21T07:35:35","date_gmt":"2025-01-21T07:35:35","guid":{"rendered":"https:\/\/www.giftcampaign.es\/blog\/?p=9032"},"modified":"2026-01-29T14:54:35","modified_gmt":"2026-01-29T14:54:35","slug":"eventos-espana-2025","status":"publish","type":"post","link":"https:\/\/www.giftcampaign.es\/blog\/eventos-espana-2025\/","title":{"rendered":"Eventos en Espa\u00f1a en 2025: Calendario y estrategias de marketing para triunfar"},"content":{"rendered":"\n<figure class=\"wp-block-image size-full\"><img decoding=\"async\" width=\"1024\" height=\"569\" src=\"https:\/\/www.giftcampaign.es\/blog\/wp-content\/uploads\/2025\/01\/eventos-ferias-espana.jpg\" alt=\"Stand en un evento profesional\" class=\"wp-image-9033\" srcset=\"https:\/\/www.giftcampaign.es\/blog\/wp-content\/uploads\/2025\/01\/eventos-ferias-espana.jpg 1024w, https:\/\/www.giftcampaign.es\/blog\/wp-content\/uploads\/2025\/01\/eventos-ferias-espana-300x167.jpg 300w, https:\/\/www.giftcampaign.es\/blog\/wp-content\/uploads\/2025\/01\/eventos-ferias-espana-768x427.jpg 768w, https:\/\/www.giftcampaign.es\/blog\/wp-content\/uploads\/2025\/01\/eventos-ferias-espana-700x389.jpg 700w, https:\/\/www.giftcampaign.es\/blog\/wp-content\/uploads\/2025\/01\/eventos-ferias-espana-220x122.jpg 220w, https:\/\/www.giftcampaign.es\/blog\/wp-content\/uploads\/2025\/01\/eventos-ferias-espana-140x78.jpg 140w, https:\/\/www.giftcampaign.es\/blog\/wp-content\/uploads\/2025\/01\/eventos-ferias-espana-940x522.jpg 940w\" sizes=\"(max-width: 1024px) 100vw, 1024px\" \/><\/figure>\n\n\n\n<p>Las <strong>ferias profesionales de 2025<\/strong> son aut\u00e9nticos escaparates de innovaci\u00f3n y Know-How. De hecho, son una cita imprescindible para las empresas que buscan desarrollar su red y aumentar su visibilidad. En Espa\u00f1a, estos eventos re\u00fanen cada a\u00f1o a millones de visitantes, ofreciendo un espacio ideal para empresas y startups de todos los sectores. Las compa\u00f1\u00edas recurren entonces a diversas estrategias de marketing para diferenciarse de la competencia. Entre ellas, los <a href=\"https:\/\/www.giftcampaign.es\/regalos-congresos.html\">regalos promocionales para congresos<\/a> se han consolidado como una herramienta indispensable. Estos peque\u00f1os objetos personalizados, que se entregan a los visitantes, desempe\u00f1an un papel clave en el \u00e9xito de una feria. Descubre los eventos profesionales que tendr\u00e1n lugar en Espa\u00f1a durante el 2025 y c\u00f3mo utilizar los regalos promocionales para maximizar tu impacto.<\/p>\n\n\n\n<h2 style=\"font-size:18px\"><b><span style=\"color:white; background-color:#0658F1\">&nbsp;\u00b7&nbsp;<\/span>&nbsp;Un mercado din\u00e1mico de ferias profesionales en Espa\u00f1a<\/b><\/h2>\n\n\n\n<p>Estos eventos atraen a un gran n\u00famero de visitantes y son el escenario de numerosos acuerdos comerciales. Representan, por tanto, un punto estrat\u00e9gico clave para todas las empresas que desean expandirse. De hecho, los eventos profesionales ofrecen a las empresas una excelente oportunidad para darse a conocer, presentar sus productos y servicios a un p\u00fablico amplio y segmentado. Adem\u00e1s, fomentan los intercambios entre profesionales, permitiendo establecer nuevas colaboraciones y ampliar su red de contactos.<\/p>\n\n\n\n<p class=\"has-background\" style=\"background-color:#ccf0f9\"><strong>\u00bfSab\u00edas que las ferias profesionales est\u00e1n enfocadas en temas espec\u00edficos y cubren muchos sectores diferentes?<\/strong> Esto ayuda a las empresas a llegar directamente a su p\u00fablico objetivo. Adem\u00e1s, las conferencias, seminarios y congresos son espacios m\u00e1s \u00edntimos donde se pueden tratar temas en profundidad, favoreciendo el intercambio de ideas entre expertos.<\/p>\n\n\n\n<h2 style=\"font-size:18px\"><b><span style=\"color:white; background-color:#0658F1\">&nbsp;\u00b7&nbsp;<\/span>&nbsp;Un mercado din\u00e1mico de ferias profesionales en Espa\u00f1a<\/b><\/h2>\n\n\n\n<figure class=\"wp-block-image size-full\"><img decoding=\"async\" width=\"1024\" height=\"569\" src=\"https:\/\/www.giftcampaign.es\/blog\/wp-content\/uploads\/2025\/01\/boligrafos-ferias.jpg\" alt=\"Bote lleno de bol\u00edgrafos en un stand de una feria\" class=\"wp-image-9034\" srcset=\"https:\/\/www.giftcampaign.es\/blog\/wp-content\/uploads\/2025\/01\/boligrafos-ferias.jpg 1024w, https:\/\/www.giftcampaign.es\/blog\/wp-content\/uploads\/2025\/01\/boligrafos-ferias-300x167.jpg 300w, https:\/\/www.giftcampaign.es\/blog\/wp-content\/uploads\/2025\/01\/boligrafos-ferias-768x427.jpg 768w, https:\/\/www.giftcampaign.es\/blog\/wp-content\/uploads\/2025\/01\/boligrafos-ferias-700x389.jpg 700w, https:\/\/www.giftcampaign.es\/blog\/wp-content\/uploads\/2025\/01\/boligrafos-ferias-220x122.jpg 220w, https:\/\/www.giftcampaign.es\/blog\/wp-content\/uploads\/2025\/01\/boligrafos-ferias-140x78.jpg 140w, https:\/\/www.giftcampaign.es\/blog\/wp-content\/uploads\/2025\/01\/boligrafos-ferias-940x522.jpg 940w\" sizes=\"(max-width: 1024px) 100vw, 1024px\" \/><\/figure>\n\n\n\n<p>Toma nota de las diferentes ferias y eventos que tendr\u00e1n lugar en Espa\u00f1a durante este a\u00f1o y decide cu\u00e1l es la m\u00e1s id\u00f3nea para que tu empresa asista.<\/p>\n\n\n\n<h3 class=\"wp-block-heading\"><strong>Enero 2025<\/strong><\/h3>\n\n\n\n<ul class=\"wp-block-list\">\n<li><strong>HiPEAC Conference <\/strong>en Barcelona del 20 al 22 de enero. Foro europeo para expertos en arquitectura de computadoras, modelos de programaci\u00f3n, compiladores y sistemas operativos para sistemas de prop\u00f3sito general, embebidos y ciber f\u00edsicos.<\/li>\n\n\n\n<li><strong>Frozen &amp; Fresh Market<\/strong> en Sevilla del 21 al 22 de enero. Feria de la industria de la alimentaci\u00f3n.<\/li>\n\n\n\n<li><strong>Fitur <\/strong>en Madrid del 22 al 26 de enero. Punto de encuentro global para profesionales del turismo.<\/li>\n\n\n\n<li><strong>BabyKid <\/strong>en Valencia del 22 al 24 de enero. Punto de reuni\u00f3n de los profesionales de la puericultura.<\/li>\n<\/ul>\n\n\n\n<h3 class=\"wp-block-heading\"><strong>Febrero 2025<\/strong><\/h3>\n\n\n\n<ul class=\"wp-block-list\">\n<li><strong>SIMOF <\/strong>en Sevilla del 30 al 2 de febrero.<strong> <\/strong>Semana internacional de la moda flamenca.<\/li>\n\n\n\n<li><strong>BWW<\/strong> en Barcelona del 3 al 5 de febrero. Evento para conocer las nuevas tendencias del vino.<\/li>\n\n\n\n<li><strong>Sal\u00f3n de Innovaci\u00f3n en Hosteler\u00eda&nbsp;<\/strong>en M\u00e1laga del 3 al 5 de febrero. Es una cita anual indispensable para profesionales de la hosteler\u00eda, hoteler\u00eda, turismo e industrias auxiliares.<\/li>\n\n\n\n<li>Mercedes-Benz Fashion Week en Madrid del 20 al 23 de febrero. Un evento para los amantes de la moda.<\/li>\n<\/ul>\n\n\n\n<h3 class=\"wp-block-heading\"><strong>Marzo 2025<\/strong><\/h3>\n\n\n\n<ul class=\"wp-block-list\">\n<li><strong>Mobile World Congress <\/strong>en Barcelona del 3 al 6 de marzo. El evento de conectividad m\u00e1s grande e influyente del mundo.<\/li>\n\n\n\n<li><strong>ARCOmadrid <\/strong>en Madrid del 5 al 9 de marzo. Feria internacional del arte contempor\u00e1neo.<\/li>\n\n\n\n<li><strong>Transfiere <\/strong>en M\u00e1laga del 12 al 14 de marzo. Foro europeo para la ciencia, tecnolog\u00eda e innovaci\u00f3n.<\/li>\n\n\n\n<li><strong>Galicia F\u00f3rum Gastron\u00f3mico<\/strong> en A Coru\u00f1a del 23 al 25 de marzo. Un feria para&nbsp;empresas especializadas&nbsp;del sector horeca y del foodservice.<\/li>\n\n\n\n<li><strong>eMobility Expo World Congress<\/strong> en Valencia del 25 al 27 de marzo. Congreso especializado en eMobility.<\/li>\n\n\n\n<li><strong>Madrid es ciencia<\/strong> en Madrid del 26 al 30 de marzo. Ofrecer\u00e1 una respuesta integral de lo que la I+D+i madrile\u00f1a puede aportar a la construcci\u00f3n de un futuro sostenible.<\/li>\n<\/ul>\n\n\n\n<h3 class=\"wp-block-heading\"><strong>Abril 2025<\/strong><\/h3>\n\n\n\n<ul class=\"wp-block-list\">\n<li><strong>E-Show Barcelona<\/strong> en Barcelona del 9 al 10 de abril. Feria y Congreso Profesional de E-commerce y Digital Marketing, Hosting &amp; Cloud, Social Media e Internet of Things.<\/li>\n\n\n\n<li><strong>ExpoNad\u00f3 <\/strong>en Valencia del 5 al 6 de abril. Una feria sobre beb\u00e9s de 0 a 4 a\u00f1os.<\/li>\n\n\n\n<li><strong>CM Summit<\/strong> en M\u00e1laga el 29 de abril. Congreso para &nbsp;explorar c\u00f3mo la tecnolog\u00eda y la innovaci\u00f3n impulsan el futuro de las industrias culturales y creativas.<\/li>\n\n\n\n<li><strong>Rebuild <\/strong>en Madrid del 23 al 25 de abril. La cita clave para transformar la edificaci\u00f3n a trav\u00e9s de la industrializaci\u00f3n, la digitalizaci\u00f3n y la sostenibilidad.<\/li>\n\n\n\n<li><strong>BDS&nbsp;<\/strong>en Barcelona del 10 al 12 de abril. Feria profesional para el sector de la salud bucodental.<\/li>\n<\/ul>\n\n\n\n<p><strong>Mayo 2025<\/strong><\/p>\n\n\n\n<ul class=\"wp-block-list\">\n<li><strong>Sal\u00f3n del autom\u00f3vil<\/strong> en Barcelona del 9 al 18 de mayo. Feria del sector automovil\u00edstico.<\/li>\n\n\n\n<li><strong>FEINDEF <\/strong>en Madrid del 12 al 14 de mayo. Feria internacional de defensa y seguridad.<\/li>\n\n\n\n<li><strong>Congreso Europeo ITS<\/strong> en Sevilla del 19 al 21 de mayo. Evento para explorar soluciones de futuro para una movilidad limpia, resistente e inteligente.<\/li>\n<\/ul>\n\n\n\n<h3 class=\"wp-block-heading\"><strong>Junio 2025<\/strong><\/h3>\n\n\n\n<ul class=\"wp-block-list\">\n<li><strong>Barcelona Textile Expo <\/strong>en Barcelona del 2 al 5 de junio. Feria t\u00e9xtil.<\/li>\n\n\n\n<li><strong>Congreso AWS Summit<\/strong> en Madrid el 12 de junio. Evento sobre la tecnolog\u00eda en la nube de AWS.<\/li>\n\n\n\n<li><strong>Sports Summit Madrid<\/strong> en Madrid del 18 al 19 de junio.<\/li>\n\n\n\n<li><strong>eCongress M\u00e1laga<\/strong> en M\u00e1laga el 20 de junio. Congreso para profesionales del ecommerce, social media y marketing digital.<\/li>\n<\/ul>\n\n\n\n<h3 class=\"wp-block-heading\"><strong>Julio 2025<\/strong><\/h3>\n\n\n\n<ul class=\"wp-block-list\">\n<li><strong>Artesantander <\/strong>en Santander del 11 al 15 de julio. Feria internacional del arte contempor\u00e1neo.<\/li>\n<\/ul>\n\n\n\n<h3 class=\"wp-block-heading\"><strong>Agosto<\/strong> <strong>2025<\/strong><\/h3>\n\n\n\n<p>No hay eventos relevantes.<\/p>\n\n\n\n<h3 class=\"wp-block-heading\"><strong>Septiembre 2025<\/strong><\/h3>\n\n\n\n<ul class=\"wp-block-list\">\n<li><strong>Intergift en Madrid<\/strong> del 10 al 13 de septiembre. Sal\u00f3n internacional del regalo y decoraci\u00f3n.<\/li>\n\n\n\n<li><strong>Farmaforum<\/strong> en Madrid del 17 al 18 de septiembre. Foro de la industria farmac\u00e9utica, biofarmac\u00e9utica, cosm\u00e9tica y tecnolog\u00eda de laboratorio.<\/li>\n<\/ul>\n\n\n\n<h3 class=\"wp-block-heading\"><strong>Octubre 2025<\/strong><\/h3>\n\n\n\n<ul class=\"wp-block-list\">\n<li><strong>Feria Habitat Valencia<\/strong> en Valencia del 29 al 2 de octubre. Feria internacional del mueble y la iluminaci\u00f3n.<\/li>\n\n\n\n<li><strong>Sal\u00f3n N\u00e1utico Internacional de Barcelona <\/strong>en Barcelona del 4 al 12 de octubre. Feria relacionada con las embarcaciones acu\u00e1ticas.<\/li>\n\n\n\n<li><strong>Liber <\/strong>en Madrid del 7 al 9 de octubre. Feria internacional del libro.<\/li>\n<\/ul>\n\n\n\n<h3 class=\"wp-block-heading\"><strong>Noviembre 2025<\/strong><\/h3>\n\n\n\n<ul class=\"wp-block-list\">\n<li><strong>Privel <\/strong>en Madrid del 5 al 6 de noviembre. Feria para&nbsp;reunir a fabricantes de marca privada y retailers.<\/li>\n\n\n\n<li><strong>Gastronomic Forum Barcelona<\/strong> en Barcelona del 3 al 5 de noviembre. Feria del \u00e1mbito de la gastronom\u00eda.<\/li>\n\n\n\n<li><strong>Smart City Expo World Congress<\/strong> en Barcelona del 4 al 6 de noviembre. Cumbre internacional sobre ciudades y soluciones urbanas inteligentes.<\/li>\n\n\n\n<li><strong>Bodaeventos <\/strong>en Madrid del 8 al 9 de noviembre. Feria de bodas.<\/li>\n<\/ul>\n\n\n\n<h3 class=\"wp-block-heading\"><strong>Diciembre 2025<\/strong><\/h3>\n\n\n\n<p>No hay eventos destacados.<\/p>\n\n\n\n<h2 style=\"font-size:18px\"><b><span style=\"color:white; background-color:#0658F1\">&nbsp;\u00b7&nbsp;<\/span>&nbsp;Regalos publicitarios en la organizaci\u00f3n de tu evento<\/b><\/h2>\n\n\n\n<p><strong>Los art\u00edculos personalizados<\/strong>&nbsp;como&nbsp;camisetas, lanyards, camisetas y pulseras con el logo de tu marca juegan un papel importante en la organizaci\u00f3n de tu participaci\u00f3n en el evento. En primer lugar, crean una fuerte&nbsp;<strong>identidad<\/strong>&nbsp;visual , reforzando as\u00ed una coherencia y memorabilidad. En segundo lugar, permiten identificar r\u00e1pidamente a los participantes: voluntarios, expositores y visitantes. Adem\u00e1s, pueden servir como tarjeta de acceso, limitando la entrada a zonas reservadas para determinadas zonas. Por \u00faltimo, se pueden distribuir pulseras impresas de pl\u00e1stico, silicona o papel para identificar a las personas que ya pagaron su entrada.&nbsp;<\/p>\n\n\n\n<p>Si dispones de una barra de refrescos para que los asistentes puedan tomarse un descanso, encarga&nbsp;<strong>vasos de pl\u00e1stico personalizados<\/strong>&nbsp;y&nbsp;<strong>copas de vino reutilizables con tu logo<\/strong>&nbsp;. Se pueden grabar, lo que permitir\u00e1 su reutilizaci\u00f3n en a\u00f1os posteriores. Esto reducir\u00e1 el desperdicio y ahorrar\u00e1s en costes. Adem\u00e1s, algunos visitantes los guardan como recuerdo, continuando promocionando tu marca en su \u00e1mbito privado.<\/p>\n\n\n\n<h2 style=\"font-size:18px\"><b><span style=\"color:white; background-color:#0658F1\">&nbsp;\u00b7&nbsp;<\/span>&nbsp;Objetos promocionales como poderosa herramienta de marketing para ferias<\/b><\/h2>\n\n\n\n<figure class=\"wp-block-image size-full\"><img decoding=\"async\" width=\"1024\" height=\"569\" src=\"https:\/\/www.giftcampaign.es\/blog\/wp-content\/uploads\/2025\/01\/carpetas-feria-congreso.jpg\" alt=\"Libreta de color naranja con logotipo y bol\u00edgrafos\" class=\"wp-image-9036\" srcset=\"https:\/\/www.giftcampaign.es\/blog\/wp-content\/uploads\/2025\/01\/carpetas-feria-congreso.jpg 1024w, https:\/\/www.giftcampaign.es\/blog\/wp-content\/uploads\/2025\/01\/carpetas-feria-congreso-300x167.jpg 300w, https:\/\/www.giftcampaign.es\/blog\/wp-content\/uploads\/2025\/01\/carpetas-feria-congreso-768x427.jpg 768w, https:\/\/www.giftcampaign.es\/blog\/wp-content\/uploads\/2025\/01\/carpetas-feria-congreso-700x389.jpg 700w, https:\/\/www.giftcampaign.es\/blog\/wp-content\/uploads\/2025\/01\/carpetas-feria-congreso-220x122.jpg 220w, https:\/\/www.giftcampaign.es\/blog\/wp-content\/uploads\/2025\/01\/carpetas-feria-congreso-140x78.jpg 140w, https:\/\/www.giftcampaign.es\/blog\/wp-content\/uploads\/2025\/01\/carpetas-feria-congreso-940x522.jpg 940w\" sizes=\"(max-width: 1024px) 100vw, 1024px\" \/><\/figure>\n\n\n\n<p><strong>Los regalos promocionales<\/strong>&nbsp;que se ofrecen&nbsp;a los visitantes de un stand son mucho m\u00e1s que un simple art\u00edculo promocional. Constituyen un elemento clave de tu&nbsp;<strong>estrategia de marketing de eventos<\/strong>, adem\u00e1s, es una buena manera de <a href=\"https:\/\/www.giftcampaign.es\/blog\/regalos-personalizados-diferentes\/\">diferenciarte durante los eventos de la competencia<\/a>, permiti\u00e9ndote alcanzar varios de tus objetivos:<\/p>\n\n\n\n<p><strong>1- Crea tr\u00e1fico hacia tu stand<\/strong><\/p>\n\n\n\n<p>En primer lugar, los obsequios&nbsp;<strong>originales<\/strong>&nbsp;y atractivos te permitir\u00e1n atraer la atenci\u00f3n de los visitantes. Al despertar su curiosidad, se animar\u00e1n a venir a descubrir su stand. Para ir m\u00e1s all\u00e1, puedes crear un evento organizando  como un concurso o una actividad divertida en torno a tus regalos para animar tu espacio y atraer a m\u00e1s gente. Finalmente, elige la personalizaci\u00f3n con tu logotipo o colores de marca para aumentar la visibilidad en la feria. Adem\u00e1s, opta por objetos adaptados a los intereses de tus visitantes y que sean coherentes con tu imagen de marca.<\/p>\n\n\n\n<p><strong>2- Atrae a los visitantes y genera clientes potenciales<\/strong><\/p>\n\n\n\n<p>Ofrecer estos productos es una excelente manera de romper el hielo. De hecho, darlos en tu stand es una buena forma de iniciar una conversaci\u00f3n con un cliente potencial. Adem\u00e1s, crear\u00e1 una conexi\u00f3n emocional entre tu marca y las personas que los reciben. Esto reforzar\u00e1 la imagen positiva de tu empresa. Finalmente, te permitir\u00e1n&nbsp;<strong>recolectar leads<\/strong>&nbsp;. A cambio de obsequios, solicita a los visitantes que completen un formulario. De este modo podr\u00e1s constituir una base de datos interesante para tu comunicaci\u00f3n.<\/p>\n\n\n\n<p><strong>3- Mant\u00e9n el contacto despu\u00e9s del evento<\/strong><\/p>\n\n\n\n<p>Para tener un impacto real, la&nbsp;<strong>elecci\u00f3n de los productos<\/strong>&nbsp;es fundamental. De hecho, el objetivo es que tus clientes potenciales te recuerden despu\u00e9s del evento. Para ello, elige uno que te sea \u00fatil en el d\u00eda a d\u00eda (bol\u00edgrafo, bloc de notas, etc.) para que se utilice con frecuencia. De este modo, el visitante estar\u00e1 en contacto habitual con su marca y le recordar\u00e1 m\u00e1s f\u00e1cilmente. Adem\u00e1s, al utilizar los datos recopilados, puede convertir m\u00e1s f\u00e1cilmente sus clientes potenciales en clientes. Por ejemplo, si logr\u00f3&nbsp;<strong>recibir correos electr\u00f3nicos<\/strong>&nbsp;de los asistentes, env\u00eda un mensaje de agradecimiento haciendo referencia a los art\u00edculos regalados y ofreci\u00e9ndoles contenido adicional, como un libro electr\u00f3nico.&nbsp;<\/p>\n\n\n\n<p><strong>Ejemplos concretos de elementos eficaces para tu sal\u00f3n<\/strong><\/p>\n\n\n\n<figure class=\"wp-block-image size-full\"><img decoding=\"async\" width=\"1024\" height=\"569\" src=\"https:\/\/www.giftcampaign.es\/blog\/wp-content\/uploads\/2025\/01\/libreta-para-eventos.jpg\" alt=\"Libreta con logotipo para entregar en eventos y congresos\" class=\"wp-image-9038\" srcset=\"https:\/\/www.giftcampaign.es\/blog\/wp-content\/uploads\/2025\/01\/libreta-para-eventos.jpg 1024w, https:\/\/www.giftcampaign.es\/blog\/wp-content\/uploads\/2025\/01\/libreta-para-eventos-300x167.jpg 300w, https:\/\/www.giftcampaign.es\/blog\/wp-content\/uploads\/2025\/01\/libreta-para-eventos-768x427.jpg 768w, https:\/\/www.giftcampaign.es\/blog\/wp-content\/uploads\/2025\/01\/libreta-para-eventos-700x389.jpg 700w, https:\/\/www.giftcampaign.es\/blog\/wp-content\/uploads\/2025\/01\/libreta-para-eventos-220x122.jpg 220w, https:\/\/www.giftcampaign.es\/blog\/wp-content\/uploads\/2025\/01\/libreta-para-eventos-140x78.jpg 140w, https:\/\/www.giftcampaign.es\/blog\/wp-content\/uploads\/2025\/01\/libreta-para-eventos-940x522.jpg 940w\" sizes=\"(max-width: 1024px) 100vw, 1024px\" \/><\/figure>\n\n\n\n<p>A continuaci\u00f3n te mostramos ejemplos de regalos personalizados que se puedes entregar en el stand de tu evento:&nbsp;<\/p>\n\n\n\n<ul class=\"wp-block-list\">\n<li>Bol\u00edgrafo, libreta o bloc de notas: cl\u00e1sicos que siempre triunfan en ferias y congresos. Son \u00fatiles durante el evento, pero tambi\u00e9n para usar el trabajo o en casa.<\/li>\n\n\n\n<li>Bolsa de algod\u00f3n org\u00e1nico, botella de pl\u00e1stico reciclado o USB de madera: Las opciones ecol\u00f3gicas, son perfectas para demostrar tu preocupaci\u00f3n por el medio ambiente y el desarrollo sostenible.<\/li>\n\n\n\n<li>Bater\u00edas externas, altavoces, powerbanks o auriculares: estos bienes tecnol\u00f3gicos son muy apreciados por todos los oficinistas y son muy f\u00e1ciles de distribuir.<\/li>\n<\/ul>\n\n\n\n<h2 style=\"font-size:18px\"><b><span style=\"color:white; background-color:#0658F1\">&nbsp;\u00b7&nbsp;<\/span>&nbsp;Conclusi\u00f3n: regalos personalizados, un activo para las ferias de 2025<\/b><\/h2>\n\n\n\n<p>En 2025, Espa\u00f1a acoger\u00e1 numerosas ferias con miles de participantes. En este entorno competitivo, los elementos publicitarios est\u00e1n demostrando ser una herramienta estrat\u00e9gica para atraer y retener visitantes. De hecho, permitir\u00e1n que tu negocio destaque y al mismo tiempo fortalecer\u00e1n la imagen de marca. Asociados a acciones interactivas, facilitan los intercambios, crean una conexi\u00f3n emocional y prolongan el impacto de tu participaci\u00f3n mucho despu\u00e9s del evento.<\/p>\n","protected":false},"excerpt":{"rendered":"<p>Las ferias profesionales de 2025 son aut\u00e9nticos escaparates de innovaci\u00f3n y Know-How. De hecho, son una cita imprescindible para las empresas que buscan desarrollar su red y aumentar su visibilidad. En Espa\u00f1a, estos eventos re\u00fanen cada a\u00f1o a millones de visitantes, ofreciendo un espacio ideal para empresas y startups de todos los sectores. Las compa\u00f1\u00edas &hellip;<\/p>\n","protected":false},"author":2,"featured_media":9040,"comment_status":"open","ping_status":"open","sticky":false,"template":"","format":"standard","meta":{"footnotes":""},"categories":[20,18],"tags":[23],"class_list":["post-9032","post","type-post","status-publish","format-standard","has-post-thumbnail","hentry","category-mercado-publicitario","category-noticias-novedades","tag-ferias-y-congresos"],"yoast_head":"<!-- This site is optimized with the Yoast SEO plugin v27.3 - https:\/\/yoast.com\/product\/yoast-seo-wordpress\/ -->\n<title>Calendario de eventos en Espa\u00f1a durante el 2025<\/title>\n<meta name=\"description\" content=\"Descubre el calendario de ferias y congresos para 2025 en Espa\u00f1a y nuestros consejos para que tu empresa destaque entre la multitud.\" \/>\n<meta name=\"robots\" content=\"index, follow, max-snippet:-1, max-image-preview:large, max-video-preview:-1\" \/>\n<link rel=\"canonical\" href=\"https:\/\/www.giftcampaign.es\/blog\/eventos-espana-2025\/\" \/>\n<meta property=\"og:locale\" content=\"es_ES\" \/>\n<meta property=\"og:type\" content=\"article\" \/>\n<meta property=\"og:title\" content=\"Calendario de eventos en Espa\u00f1a durante el 2025\" \/>\n<meta property=\"og:description\" content=\"Descubre el calendario de ferias y congresos para 2025 en Espa\u00f1a y nuestros consejos para que tu empresa destaque entre la multitud.\" \/>\n<meta property=\"og:url\" content=\"https:\/\/www.giftcampaign.es\/blog\/eventos-espana-2025\/\" \/>\n<meta property=\"og:site_name\" content=\"Blog GiftCampaign.es\" \/>\n<meta property=\"article:published_time\" content=\"2025-01-21T07:35:35+00:00\" \/>\n<meta property=\"article:modified_time\" content=\"2026-01-29T14:54:35+00:00\" \/>\n<meta property=\"og:image\" content=\"https:\/\/www.giftcampaign.es\/blog\/wp-content\/uploads\/2025\/01\/eventos-profesionales.jpg\" \/>\n\t<meta property=\"og:image:width\" content=\"476\" \/>\n\t<meta property=\"og:image:height\" content=\"226\" \/>\n\t<meta property=\"og:image:type\" content=\"image\/jpeg\" \/>\n<meta name=\"author\" content=\"GiftCampaign s.l.\" \/>\n<meta name=\"twitter:card\" content=\"summary_large_image\" \/>\n<meta name=\"twitter:label1\" content=\"Escrito por\" \/>\n\t<meta name=\"twitter:data1\" content=\"GiftCampaign s.l.\" \/>\n\t<meta name=\"twitter:label2\" content=\"Tiempo de lectura\" \/>\n\t<meta name=\"twitter:data2\" content=\"9 minutos\" \/>\n<script type=\"application\/ld+json\" class=\"yoast-schema-graph\">{\"@context\":\"https:\\\/\\\/schema.org\",\"@graph\":[{\"@type\":\"Article\",\"@id\":\"https:\\\/\\\/www.giftcampaign.es\\\/blog\\\/eventos-espana-2025\\\/#article\",\"isPartOf\":{\"@id\":\"https:\\\/\\\/www.giftcampaign.es\\\/blog\\\/eventos-espana-2025\\\/\"},\"author\":{\"name\":\"GiftCampaign s.l.\",\"@id\":\"https:\\\/\\\/www.giftcampaign.es\\\/blog\\\/#\\\/schema\\\/person\\\/a27aebee742094181944ca22532ed120\"},\"headline\":\"Eventos en Espa\u00f1a en 2025: Calendario y estrategias de marketing para triunfar\",\"datePublished\":\"2025-01-21T07:35:35+00:00\",\"dateModified\":\"2026-01-29T14:54:35+00:00\",\"mainEntityOfPage\":{\"@id\":\"https:\\\/\\\/www.giftcampaign.es\\\/blog\\\/eventos-espana-2025\\\/\"},\"wordCount\":1843,\"commentCount\":0,\"image\":{\"@id\":\"https:\\\/\\\/www.giftcampaign.es\\\/blog\\\/eventos-espana-2025\\\/#primaryimage\"},\"thumbnailUrl\":\"https:\\\/\\\/www.giftcampaign.es\\\/blog\\\/wp-content\\\/uploads\\\/2025\\\/01\\\/eventos-profesionales.jpg\",\"keywords\":[\"ferias y congresos\"],\"articleSection\":[\"Mercado Publicitario\",\"Noticias y novedades\"],\"inLanguage\":\"es\",\"potentialAction\":[{\"@type\":\"CommentAction\",\"name\":\"Comment\",\"target\":[\"https:\\\/\\\/www.giftcampaign.es\\\/blog\\\/eventos-espana-2025\\\/#respond\"]}]},{\"@type\":\"WebPage\",\"@id\":\"https:\\\/\\\/www.giftcampaign.es\\\/blog\\\/eventos-espana-2025\\\/\",\"url\":\"https:\\\/\\\/www.giftcampaign.es\\\/blog\\\/eventos-espana-2025\\\/\",\"name\":\"Calendario de eventos en Espa\u00f1a durante el 2025\",\"isPartOf\":{\"@id\":\"https:\\\/\\\/www.giftcampaign.es\\\/blog\\\/#website\"},\"primaryImageOfPage\":{\"@id\":\"https:\\\/\\\/www.giftcampaign.es\\\/blog\\\/eventos-espana-2025\\\/#primaryimage\"},\"image\":{\"@id\":\"https:\\\/\\\/www.giftcampaign.es\\\/blog\\\/eventos-espana-2025\\\/#primaryimage\"},\"thumbnailUrl\":\"https:\\\/\\\/www.giftcampaign.es\\\/blog\\\/wp-content\\\/uploads\\\/2025\\\/01\\\/eventos-profesionales.jpg\",\"datePublished\":\"2025-01-21T07:35:35+00:00\",\"dateModified\":\"2026-01-29T14:54:35+00:00\",\"author\":{\"@id\":\"https:\\\/\\\/www.giftcampaign.es\\\/blog\\\/#\\\/schema\\\/person\\\/a27aebee742094181944ca22532ed120\"},\"description\":\"Descubre el calendario de ferias y congresos para 2025 en Espa\u00f1a y nuestros consejos para que tu empresa destaque entre la multitud.\",\"breadcrumb\":{\"@id\":\"https:\\\/\\\/www.giftcampaign.es\\\/blog\\\/eventos-espana-2025\\\/#breadcrumb\"},\"inLanguage\":\"es\",\"potentialAction\":[{\"@type\":\"ReadAction\",\"target\":[\"https:\\\/\\\/www.giftcampaign.es\\\/blog\\\/eventos-espana-2025\\\/\"]}]},{\"@type\":\"ImageObject\",\"inLanguage\":\"es\",\"@id\":\"https:\\\/\\\/www.giftcampaign.es\\\/blog\\\/eventos-espana-2025\\\/#primaryimage\",\"url\":\"https:\\\/\\\/www.giftcampaign.es\\\/blog\\\/wp-content\\\/uploads\\\/2025\\\/01\\\/eventos-profesionales.jpg\",\"contentUrl\":\"https:\\\/\\\/www.giftcampaign.es\\\/blog\\\/wp-content\\\/uploads\\\/2025\\\/01\\\/eventos-profesionales.jpg\",\"width\":476,\"height\":226,\"caption\":\"Feria profesional\"},{\"@type\":\"BreadcrumbList\",\"@id\":\"https:\\\/\\\/www.giftcampaign.es\\\/blog\\\/eventos-espana-2025\\\/#breadcrumb\",\"itemListElement\":[{\"@type\":\"ListItem\",\"position\":1,\"name\":\"Portada\",\"item\":\"https:\\\/\\\/www.giftcampaign.es\\\/blog\\\/\"},{\"@type\":\"ListItem\",\"position\":2,\"name\":\"Eventos en Espa\u00f1a en 2025: Calendario y estrategias de marketing para triunfar\"}]},{\"@type\":\"WebSite\",\"@id\":\"https:\\\/\\\/www.giftcampaign.es\\\/blog\\\/#website\",\"url\":\"https:\\\/\\\/www.giftcampaign.es\\\/blog\\\/\",\"name\":\"Blog GiftCampaign.es\",\"description\":\"Especialistas en regalos de empresa y publicidad\",\"potentialAction\":[{\"@type\":\"SearchAction\",\"target\":{\"@type\":\"EntryPoint\",\"urlTemplate\":\"https:\\\/\\\/www.giftcampaign.es\\\/blog\\\/?s={search_term_string}\"},\"query-input\":{\"@type\":\"PropertyValueSpecification\",\"valueRequired\":true,\"valueName\":\"search_term_string\"}}],\"inLanguage\":\"es\"},{\"@type\":\"Person\",\"@id\":\"https:\\\/\\\/www.giftcampaign.es\\\/blog\\\/#\\\/schema\\\/person\\\/a27aebee742094181944ca22532ed120\",\"name\":\"GiftCampaign s.l.\",\"url\":\"https:\\\/\\\/www.giftcampaign.es\\\/blog\\\/author\\\/admin\\\/\"}]}<\/script>\n<!-- \/ Yoast SEO plugin. -->","yoast_head_json":{"title":"Calendario de eventos en Espa\u00f1a durante el 2025","description":"Descubre el calendario de ferias y congresos para 2025 en Espa\u00f1a y nuestros consejos para que tu empresa destaque entre la multitud.","robots":{"index":"index","follow":"follow","max-snippet":"max-snippet:-1","max-image-preview":"max-image-preview:large","max-video-preview":"max-video-preview:-1"},"canonical":"https:\/\/www.giftcampaign.es\/blog\/eventos-espana-2025\/","og_locale":"es_ES","og_type":"article","og_title":"Calendario de eventos en Espa\u00f1a durante el 2025","og_description":"Descubre el calendario de ferias y congresos para 2025 en Espa\u00f1a y nuestros consejos para que tu empresa destaque entre la multitud.","og_url":"https:\/\/www.giftcampaign.es\/blog\/eventos-espana-2025\/","og_site_name":"Blog GiftCampaign.es","article_published_time":"2025-01-21T07:35:35+00:00","article_modified_time":"2026-01-29T14:54:35+00:00","og_image":[{"width":476,"height":226,"url":"https:\/\/www.giftcampaign.es\/blog\/wp-content\/uploads\/2025\/01\/eventos-profesionales.jpg","type":"image\/jpeg"}],"author":"GiftCampaign s.l.","twitter_card":"summary_large_image","twitter_misc":{"Escrito por":"GiftCampaign s.l.","Tiempo de lectura":"9 minutos"},"schema":{"@context":"https:\/\/schema.org","@graph":[{"@type":"Article","@id":"https:\/\/www.giftcampaign.es\/blog\/eventos-espana-2025\/#article","isPartOf":{"@id":"https:\/\/www.giftcampaign.es\/blog\/eventos-espana-2025\/"},"author":{"name":"GiftCampaign s.l.","@id":"https:\/\/www.giftcampaign.es\/blog\/#\/schema\/person\/a27aebee742094181944ca22532ed120"},"headline":"Eventos en Espa\u00f1a en 2025: Calendario y estrategias de marketing para triunfar","datePublished":"2025-01-21T07:35:35+00:00","dateModified":"2026-01-29T14:54:35+00:00","mainEntityOfPage":{"@id":"https:\/\/www.giftcampaign.es\/blog\/eventos-espana-2025\/"},"wordCount":1843,"commentCount":0,"image":{"@id":"https:\/\/www.giftcampaign.es\/blog\/eventos-espana-2025\/#primaryimage"},"thumbnailUrl":"https:\/\/www.giftcampaign.es\/blog\/wp-content\/uploads\/2025\/01\/eventos-profesionales.jpg","keywords":["ferias y congresos"],"articleSection":["Mercado Publicitario","Noticias y novedades"],"inLanguage":"es","potentialAction":[{"@type":"CommentAction","name":"Comment","target":["https:\/\/www.giftcampaign.es\/blog\/eventos-espana-2025\/#respond"]}]},{"@type":"WebPage","@id":"https:\/\/www.giftcampaign.es\/blog\/eventos-espana-2025\/","url":"https:\/\/www.giftcampaign.es\/blog\/eventos-espana-2025\/","name":"Calendario de eventos en Espa\u00f1a durante el 2025","isPartOf":{"@id":"https:\/\/www.giftcampaign.es\/blog\/#website"},"primaryImageOfPage":{"@id":"https:\/\/www.giftcampaign.es\/blog\/eventos-espana-2025\/#primaryimage"},"image":{"@id":"https:\/\/www.giftcampaign.es\/blog\/eventos-espana-2025\/#primaryimage"},"thumbnailUrl":"https:\/\/www.giftcampaign.es\/blog\/wp-content\/uploads\/2025\/01\/eventos-profesionales.jpg","datePublished":"2025-01-21T07:35:35+00:00","dateModified":"2026-01-29T14:54:35+00:00","author":{"@id":"https:\/\/www.giftcampaign.es\/blog\/#\/schema\/person\/a27aebee742094181944ca22532ed120"},"description":"Descubre el calendario de ferias y congresos para 2025 en Espa\u00f1a y nuestros consejos para que tu empresa destaque entre la multitud.","breadcrumb":{"@id":"https:\/\/www.giftcampaign.es\/blog\/eventos-espana-2025\/#breadcrumb"},"inLanguage":"es","potentialAction":[{"@type":"ReadAction","target":["https:\/\/www.giftcampaign.es\/blog\/eventos-espana-2025\/"]}]},{"@type":"ImageObject","inLanguage":"es","@id":"https:\/\/www.giftcampaign.es\/blog\/eventos-espana-2025\/#primaryimage","url":"https:\/\/www.giftcampaign.es\/blog\/wp-content\/uploads\/2025\/01\/eventos-profesionales.jpg","contentUrl":"https:\/\/www.giftcampaign.es\/blog\/wp-content\/uploads\/2025\/01\/eventos-profesionales.jpg","width":476,"height":226,"caption":"Feria profesional"},{"@type":"BreadcrumbList","@id":"https:\/\/www.giftcampaign.es\/blog\/eventos-espana-2025\/#breadcrumb","itemListElement":[{"@type":"ListItem","position":1,"name":"Portada","item":"https:\/\/www.giftcampaign.es\/blog\/"},{"@type":"ListItem","position":2,"name":"Eventos en Espa\u00f1a en 2025: Calendario y estrategias de marketing para triunfar"}]},{"@type":"WebSite","@id":"https:\/\/www.giftcampaign.es\/blog\/#website","url":"https:\/\/www.giftcampaign.es\/blog\/","name":"Blog GiftCampaign.es","description":"Especialistas en regalos de empresa y publicidad","potentialAction":[{"@type":"SearchAction","target":{"@type":"EntryPoint","urlTemplate":"https:\/\/www.giftcampaign.es\/blog\/?s={search_term_string}"},"query-input":{"@type":"PropertyValueSpecification","valueRequired":true,"valueName":"search_term_string"}}],"inLanguage":"es"},{"@type":"Person","@id":"https:\/\/www.giftcampaign.es\/blog\/#\/schema\/person\/a27aebee742094181944ca22532ed120","name":"GiftCampaign s.l.","url":"https:\/\/www.giftcampaign.es\/blog\/author\/admin\/"}]}},"_links":{"self":[{"href":"https:\/\/www.giftcampaign.es\/blog\/wp-json\/wp\/v2\/posts\/9032","targetHints":{"allow":["GET"]}}],"collection":[{"href":"https:\/\/www.giftcampaign.es\/blog\/wp-json\/wp\/v2\/posts"}],"about":[{"href":"https:\/\/www.giftcampaign.es\/blog\/wp-json\/wp\/v2\/types\/post"}],"author":[{"embeddable":true,"href":"https:\/\/www.giftcampaign.es\/blog\/wp-json\/wp\/v2\/users\/2"}],"replies":[{"embeddable":true,"href":"https:\/\/www.giftcampaign.es\/blog\/wp-json\/wp\/v2\/comments?post=9032"}],"version-history":[{"count":5,"href":"https:\/\/www.giftcampaign.es\/blog\/wp-json\/wp\/v2\/posts\/9032\/revisions"}],"predecessor-version":[{"id":9324,"href":"https:\/\/www.giftcampaign.es\/blog\/wp-json\/wp\/v2\/posts\/9032\/revisions\/9324"}],"wp:featuredmedia":[{"embeddable":true,"href":"https:\/\/www.giftcampaign.es\/blog\/wp-json\/wp\/v2\/media\/9040"}],"wp:attachment":[{"href":"https:\/\/www.giftcampaign.es\/blog\/wp-json\/wp\/v2\/media?parent=9032"}],"wp:term":[{"taxonomy":"category","embeddable":true,"href":"https:\/\/www.giftcampaign.es\/blog\/wp-json\/wp\/v2\/categories?post=9032"},{"taxonomy":"post_tag","embeddable":true,"href":"https:\/\/www.giftcampaign.es\/blog\/wp-json\/wp\/v2\/tags?post=9032"}],"curies":[{"name":"wp","href":"https:\/\/api.w.org\/{rel}","templated":true}]}}