{"id":5439,"date":"2022-09-06T11:55:34","date_gmt":"2022-09-06T11:55:34","guid":{"rendered":"https:\/\/www.giftcampaign.es\/blog\/?p=5439"},"modified":"2026-01-29T15:33:16","modified_gmt":"2026-01-29T15:33:16","slug":"octubre-rosa","status":"publish","type":"post","link":"https:\/\/www.giftcampaign.es\/blog\/octubre-rosa\/","title":{"rendered":"Octubre rosa: \u00bfC\u00f3mo comunicar tu compromiso con este d\u00eda?"},"content":{"rendered":"\n<figure class=\"wp-block-image size-full\"><img decoding=\"async\" width=\"1024\" height=\"569\" src=\"https:\/\/www.giftcampaign.es\/blog\/wp-content\/uploads\/2023\/12\/octubre-rosa-lazo.jpg\" alt=\"octubre rosa cinta\" class=\"wp-image-7745\" srcset=\"https:\/\/www.giftcampaign.es\/blog\/wp-content\/uploads\/2023\/12\/octubre-rosa-lazo.jpg 1024w, https:\/\/www.giftcampaign.es\/blog\/wp-content\/uploads\/2023\/12\/octubre-rosa-lazo-300x167.jpg 300w, https:\/\/www.giftcampaign.es\/blog\/wp-content\/uploads\/2023\/12\/octubre-rosa-lazo-768x427.jpg 768w, https:\/\/www.giftcampaign.es\/blog\/wp-content\/uploads\/2023\/12\/octubre-rosa-lazo-700x389.jpg 700w, https:\/\/www.giftcampaign.es\/blog\/wp-content\/uploads\/2023\/12\/octubre-rosa-lazo-220x122.jpg 220w, https:\/\/www.giftcampaign.es\/blog\/wp-content\/uploads\/2023\/12\/octubre-rosa-lazo-140x78.jpg 140w, https:\/\/www.giftcampaign.es\/blog\/wp-content\/uploads\/2023\/12\/octubre-rosa-lazo-940x522.jpg 940w\" sizes=\"(max-width: 1024px) 100vw, 1024px\" \/><\/figure>\n\n\n\n<p>La detecci\u00f3n precoz ya es algo muy habitual y que puede salvar la vida a muchas mujeres. Por ese motivo, octubre es un mes muy especial y es la <strong>oportunidad ideal para seguir concienciando<\/strong> frente al c\u00e1ncer de mama. Tambi\u00e9n, todo tipo de organizaciones recaudan fondos para la investigaci\u00f3n. <strong>La cinta rosa<\/strong>, eventos, regalos, charlas, conferencias, donaciones\u2026 Te contamos todo acerca de este periodo.<\/p>\n\n\n\n<h2 style=\"font-size:18px\"><b><span style=\"color:white; background-color:#0658F1\">&nbsp;\u00b7&nbsp;<\/span>&nbsp;\u00bfQu\u00e9 es el Octubre Rosa?<\/b><\/h2>\n\n\n\n<p>Del 1 al 30 de octubre, profesionales de la salud, instituciones, ONGs, asociaciones y ciudadanos de todo el mundo unen sus fuerzas para apoyar una causa com\u00fan: el c\u00e1ncer de mama.<\/p>\n\n\n\n<p>\u00bfSab\u00edas que esta es una de las principales causas de muerte entre las mujeres? Es por ello que se <strong>estableci\u00f3 el 19 de octubre como el principal d\u00eda<\/strong> a pesar de que todo el mes se ti\u00f1e de rosa. Este d\u00eda lo propuso la OMS (Organizaci\u00f3n Mundial de la Salud). Adem\u00e1s de informar este acontecimiento permite recaudar <strong>fondos para investigaci\u00f3n m\u00e9dica y cient\u00edfica<\/strong>. Esta enfermedad puede curarse en 9 de cada 10 casos y, para ello, la detecci\u00f3n precoz es fundamental.<\/p>\n\n\n\n<h2 style=\"font-size:18px\"><b><span style=\"color:white; background-color:#0658F1\">&nbsp;\u00b7&nbsp;<\/span>&nbsp;Historia sobre el simbolismo de la cinta rosa<\/b><\/h2>\n\n\n\n<p>Despu\u00e9s de ver a su hermana, a su madre y a su abuela luchar contra ello, Charlotte Haley fue la primera dise\u00f1adora de la cinta, que originalmente era de color melocot\u00f3n. A los 60 a\u00f1os, hizo las suyas propias para distribuirlas en los supermercados. Esto llam\u00f3 la atenci\u00f3n de Evelyn Lauder, vicepresidenta de la famosa marca Est\u00e9e Lauder, que quiso hacer una colaboraci\u00f3n con Harley. Sin embargo, esta se neg\u00f3, alegando que la marca dar\u00eda un aire demasiado corporativo.<\/p>\n\n\n\n<p>Despu\u00e9s de esto, Evelyn Lauder cambi\u00f3 el color de la cinta a rosa chicle pero Lauder, que fue diagnosticada de esta enfermedad precisamente cuando fue nombrada vicepresidenta, adoptar\u00eda el mimo color. Al ser un color muy asociado con el p\u00fablico femenino, fue la opci\u00f3n por la que se opt\u00f3 para este lazo.<\/p>\n\n\n\n<figure class=\"wp-block-image size-large is-resized\"><img decoding=\"async\" src=\"https:\/\/www.giftcampaign.es\/blog\/wp-content\/uploads\/2022\/09\/folleto-informacion-cancer-mama-1024x569.jpg\" alt=\"folleto informaci\u00f3n c\u00e1ncer mama\" class=\"wp-image-5455\" width=\"1024\" height=\"569\" srcset=\"https:\/\/www.giftcampaign.es\/blog\/wp-content\/uploads\/2022\/09\/folleto-informacion-cancer-mama-1024x569.jpg 1024w, https:\/\/www.giftcampaign.es\/blog\/wp-content\/uploads\/2022\/09\/folleto-informacion-cancer-mama-300x167.jpg 300w, https:\/\/www.giftcampaign.es\/blog\/wp-content\/uploads\/2022\/09\/folleto-informacion-cancer-mama-768x427.jpg 768w, https:\/\/www.giftcampaign.es\/blog\/wp-content\/uploads\/2022\/09\/folleto-informacion-cancer-mama-700x389.jpg 700w, https:\/\/www.giftcampaign.es\/blog\/wp-content\/uploads\/2022\/09\/folleto-informacion-cancer-mama-220x122.jpg 220w, https:\/\/www.giftcampaign.es\/blog\/wp-content\/uploads\/2022\/09\/folleto-informacion-cancer-mama-140x78.jpg 140w, https:\/\/www.giftcampaign.es\/blog\/wp-content\/uploads\/2022\/09\/folleto-informacion-cancer-mama-940x522.jpg 940w, https:\/\/www.giftcampaign.es\/blog\/wp-content\/uploads\/2022\/09\/folleto-informacion-cancer-mama.jpg 1080w\" sizes=\"(max-width: 1024px) 100vw, 1024px\" \/><\/figure>\n\n\n\n<p>En Espa\u00f1a, hay que destacar la labor de la <a href=\"https:\/\/www.contraelcancer.es\/es\/sobre-nosotros\">Asociaci\u00f3n Espa\u00f1ola Contra el C\u00e1ncer (AECC)<\/a>, la cual fue fundada en 1953 y cuya fundamental labor y compromiso sigue perdurando a d\u00eda de hoy, trabaja activamente para combatir esta enfermedad y para brindar apoyo a las familias. En un post anterior os hablamos sobre sus <a href=\"https:\/\/www.giftcampaign.es\/blog\/articulos-promocionales-aecc\/\">art\u00edculos personalizados rosas<\/a>.<\/p>\n\n\n\n<h2 style=\"font-size:18px\"><b><span style=\"color:white; background-color:#0658F1\">&nbsp;\u00b7&nbsp;<\/span>&nbsp;Eventos destacados en Espa\u00f1a sobre el c\u00e1ncer de mama<\/b><\/h2>\n\n\n\n<p>Seguro que en tu municipio o cerca de \u00e9l se celebra un acontecimiento para apoyar esta causa. A continuaci\u00f3n te dejamos <a href=\"https:\/\/www.cancermamametastasico.es\/actividades\/\">un listado de algunos destacados<\/a>. Sin embargo, seguro que has o\u00eddo hablar (o incluso has acudido) a la Carrera de la Mujer que se celebra en multitud de ciudades, al <a href=\"https:\/\/www.contraelcancer.es\/es\/sumate\/rosa\/barcelona\/2018\">Suma\u2019t al Rosa<\/a> de Catalunya u otras acciones como los eventos organizados por Ausonia en Madrid.<\/p>\n\n\n\n<p>Pero\u2026 <strong>\u00bfQu\u00e9 es lo que puede hacer tu empresa por esta causa?<\/strong><\/p>\n\n\n\n<h3 class=\"wp-block-heading\">Organizar una carrera ben\u00e9fica o un evento deportivo<\/h3>\n\n\n\n<p>Un evento deportivo como puede ser una carrera ben\u00e9fica es una excelente manera de mostrar el compromiso de la marca. Tal y como hemos comentado, se celebran distintas Carreras por la Mujer en toda Espa\u00f1a, cuyo objetivo es <strong>visibilizar y dar apoyo<\/strong>. Si te decides por organizar el tuyo propio o participar en uno, aseg\u00farate de contar con merchandising de color rosa y de regalarlos entre los asistentes.<\/p>\n\n\n\n<h3 class=\"wp-block-heading\">Organizar una conferencia para informar<\/h3>\n\n\n\n<p>Otra de las posibilidades es la de hacer otro tipo de acto. En este caso se requieren m\u00e1s recursos ya que la idea ser\u00eda contar con expertos en la materia para realizar una conferencia que pudiese servir a nivel informativo. Se puede <strong>hablar de prevenci\u00f3n, diagn\u00f3stico, recomendaciones, apoyo psicol\u00f3gico\u2026<\/strong><\/p>\n\n\n\n<figure class=\"wp-block-image size-full\"><img decoding=\"async\" width=\"1024\" height=\"569\" src=\"https:\/\/www.giftcampaign.es\/blog\/wp-content\/uploads\/2023\/12\/cursa-mujer.jpg\" alt=\"evento rosa\" class=\"wp-image-7754\" srcset=\"https:\/\/www.giftcampaign.es\/blog\/wp-content\/uploads\/2023\/12\/cursa-mujer.jpg 1024w, https:\/\/www.giftcampaign.es\/blog\/wp-content\/uploads\/2023\/12\/cursa-mujer-300x167.jpg 300w, https:\/\/www.giftcampaign.es\/blog\/wp-content\/uploads\/2023\/12\/cursa-mujer-768x427.jpg 768w, https:\/\/www.giftcampaign.es\/blog\/wp-content\/uploads\/2023\/12\/cursa-mujer-700x389.jpg 700w, https:\/\/www.giftcampaign.es\/blog\/wp-content\/uploads\/2023\/12\/cursa-mujer-220x122.jpg 220w, https:\/\/www.giftcampaign.es\/blog\/wp-content\/uploads\/2023\/12\/cursa-mujer-140x78.jpg 140w, https:\/\/www.giftcampaign.es\/blog\/wp-content\/uploads\/2023\/12\/cursa-mujer-940x522.jpg 940w\" sizes=\"(max-width: 1024px) 100vw, 1024px\" \/><\/figure>\n\n\n\n<p>No solo hay que contar con alquilar el espacio, enviar invitaciones, dar visibilidad\u2026 sino de que, realmente, los ponentes vayan a aportar un valor a\u00f1adido y a dar informaci\u00f3n \u00fatil, veraz y contrastada.<\/p>\n\n\n\n<h3 class=\"wp-block-heading\">Usa las redes sociales para mostrar apoyo<\/h3>\n\n\n\n<p>Las redes sociales son una plataforma fundamental para comunicarse, sobre todo en este periodo tan destacado. Da visibilidad al resto de acciones que realices mediante Facebook, Twitter, Instagram, Linkedin\u2026 y, sobre todo, s\u00famate al rosa: <strong>cambia la foto de perfil, promociona organizaciones y actos dedicados a ello<\/strong> y, sobre todo, usa los hashtags adecuados para que llegue a la m\u00e1xima audiencia posible.<\/p>\n\n\n\n<h3 class=\"wp-block-heading\">Transmite valores y conciencia a los dem\u00e1s con regalos promocionales<\/h3>\n\n\n\n<p>El Octubre Rosa es ideal para mostrar cu\u00e1les son tus valores como empresa y comunicar tu compromiso. Al optar por detalles personalizados en color rosa que puedan ser de utilidad, tanto si es para visibilizar como si es para <strong>recaudar fondos que ir\u00e1n a una asociaci\u00f3n<\/strong>, los dem\u00e1s sabr\u00e1n la responsabilidad de la compa\u00f1\u00eda sobre las acciones realizadas.<\/p>\n\n\n\n<p>Estos objetos, adem\u00e1s, pueden ser repartidos en los propios eventos, tanto si se acude como invitado como si se es organizador.<\/p>\n\n\n\n<h2 style=\"font-size:18px\"><b><span style=\"color:white; background-color:#0658F1\">&nbsp;\u00b7&nbsp;<\/span>&nbsp;Ideas de regalos para el Octubre Rosa<\/b><\/h2>\n\n\n\n<p>\u00b7 <strong>Camisetas t\u00e9cnicas personalizadas<\/strong>: Durante un evento deportivo como las carreras ben\u00e9ficas, es fundamental que los participantes lleven con orgullo una camiseta deportiva rosa personalizada.<\/p>\n\n\n\n<figure class=\"wp-block-image size-large is-resized\"><img decoding=\"async\" src=\"https:\/\/www.giftcampaign.es\/blog\/wp-content\/uploads\/2022\/09\/merchandising-rosa-1024x569.jpg\" alt=\"merchandising rosa\" class=\"wp-image-5457\" width=\"1024\" height=\"569\" srcset=\"https:\/\/www.giftcampaign.es\/blog\/wp-content\/uploads\/2022\/09\/merchandising-rosa-1024x569.jpg 1024w, https:\/\/www.giftcampaign.es\/blog\/wp-content\/uploads\/2022\/09\/merchandising-rosa-300x167.jpg 300w, https:\/\/www.giftcampaign.es\/blog\/wp-content\/uploads\/2022\/09\/merchandising-rosa-768x427.jpg 768w, https:\/\/www.giftcampaign.es\/blog\/wp-content\/uploads\/2022\/09\/merchandising-rosa-700x389.jpg 700w, https:\/\/www.giftcampaign.es\/blog\/wp-content\/uploads\/2022\/09\/merchandising-rosa-220x122.jpg 220w, https:\/\/www.giftcampaign.es\/blog\/wp-content\/uploads\/2022\/09\/merchandising-rosa-140x78.jpg 140w, https:\/\/www.giftcampaign.es\/blog\/wp-content\/uploads\/2022\/09\/merchandising-rosa-940x522.jpg 940w, https:\/\/www.giftcampaign.es\/blog\/wp-content\/uploads\/2022\/09\/merchandising-rosa.jpg 1080w\" sizes=\"(max-width: 1024px) 100vw, 1024px\" \/><\/figure>\n\n\n\n<p>\u00b7 <strong>Botellas de agua publicitarias<\/strong>: transmite tu mensaje de apoyo a la lucha contra el c\u00e1ncer de mama ofreciendo a tus empleados, a tus colaboradores o a los participantes de un evento una botella reutilizable.<\/p>\n\n\n\n<p>\u00b7 <strong>Gorras con logo<\/strong>: Tal y como ocurre con las camisetas t\u00e9cnicas, pueden dar una visibilidad muy alta a esta causa y, adem\u00e1s, si el clima es soleado ese d\u00eda, proteger\u00e1 a los asistentes al evento.<\/p>\n\n\n\n<p>\u00b7 <strong>Pulseras<\/strong>: Seguimos con art\u00edculos que pueden ir enfocados a un acontecimiento en concreto. Son muy econ\u00f3micas, por lo que pueden ser repartidas a un gran p\u00fablico y, al llevarlas cada d\u00eda, ser\u00e1 un recordatorio permanente de este compromiso. Igualmente, si son de tela, pueden acentuar este simbolismo con la cinta rosa.<\/p>\n\n\n\n<p>\u00b7 <strong>Bolsas promocionales<\/strong>: De nuevo, un producto que ser\u00e1 visto por much\u00edsimas personas y que cuenta con una gran practicidad as\u00ed como con un precio barato.<\/p>\n\n\n\n<p>Y hasta aqu\u00ed nuestro post sobre el Octubre Rosa. \u00bfTu compa\u00f1\u00eda est\u00e1 comprometida con esta causa o da visibilidad la misma? \u00a1D\u00e9janos tus comentarios acerca de ello!<\/p>\n","protected":false},"excerpt":{"rendered":"<p>La detecci\u00f3n precoz ya es algo muy habitual y que puede salvar la vida a muchas mujeres. Por ese motivo, octubre es un mes muy especial y es la oportunidad ideal para seguir concienciando frente al c\u00e1ncer de mama. Tambi\u00e9n, todo tipo de organizaciones recaudan fondos para la investigaci\u00f3n. La cinta rosa, eventos, regalos, charlas, &hellip;<\/p>\n","protected":false},"author":2,"featured_media":5459,"comment_status":"open","ping_status":"open","sticky":false,"template":"","format":"standard","meta":{"footnotes":""},"categories":[78,20],"tags":[81,80],"class_list":["post-5439","post","type-post","status-publish","format-standard","has-post-thumbnail","hentry","category-marketing","category-mercado-publicitario","tag-branding","tag-tendencias"],"yoast_head":"<!-- This site is optimized with the Yoast SEO plugin v27.3 - https:\/\/yoast.com\/product\/yoast-seo-wordpress\/ -->\n<title>Octubre rosa: \u00bfC\u00f3mo comunicar tu compromiso con este d\u00eda?<\/title>\n<meta name=\"description\" content=\"\u00bfTu marca se compromete con el octubre rosa? En nuestro post vamos a explicarte c\u00f3mo comunicarlo a tu audiencia. \u00a1Desc\u00fabrelo!\" \/>\n<meta name=\"robots\" content=\"index, follow, max-snippet:-1, max-image-preview:large, max-video-preview:-1\" \/>\n<link rel=\"canonical\" href=\"https:\/\/www.giftcampaign.es\/blog\/octubre-rosa\/\" \/>\n<meta property=\"og:locale\" content=\"es_ES\" \/>\n<meta property=\"og:type\" content=\"article\" \/>\n<meta property=\"og:title\" content=\"Octubre rosa: \u00bfC\u00f3mo comunicar tu compromiso con este d\u00eda?\" \/>\n<meta property=\"og:description\" content=\"\u00bfTu marca se compromete con el octubre rosa? En nuestro post vamos a explicarte c\u00f3mo comunicarlo a tu audiencia. \u00a1Desc\u00fabrelo!\" \/>\n<meta property=\"og:url\" content=\"https:\/\/www.giftcampaign.es\/blog\/octubre-rosa\/\" \/>\n<meta property=\"og:site_name\" content=\"Blog GiftCampaign.es\" \/>\n<meta property=\"article:published_time\" content=\"2022-09-06T11:55:34+00:00\" \/>\n<meta property=\"article:modified_time\" content=\"2026-01-29T15:33:16+00:00\" \/>\n<meta property=\"og:image\" content=\"https:\/\/www.giftcampaign.es\/blog\/wp-content\/uploads\/2022\/09\/octubre-rosa.jpg\" \/>\n\t<meta property=\"og:image:width\" content=\"476\" \/>\n\t<meta property=\"og:image:height\" content=\"226\" \/>\n\t<meta property=\"og:image:type\" content=\"image\/jpeg\" \/>\n<meta name=\"author\" content=\"GiftCampaign s.l.\" \/>\n<meta name=\"twitter:card\" content=\"summary_large_image\" \/>\n<meta name=\"twitter:label1\" content=\"Escrito por\" \/>\n\t<meta name=\"twitter:data1\" content=\"GiftCampaign s.l.\" \/>\n\t<meta name=\"twitter:label2\" content=\"Tiempo de lectura\" \/>\n\t<meta name=\"twitter:data2\" content=\"6 minutos\" \/>\n<script type=\"application\/ld+json\" class=\"yoast-schema-graph\">{\"@context\":\"https:\\\/\\\/schema.org\",\"@graph\":[{\"@type\":\"Article\",\"@id\":\"https:\\\/\\\/www.giftcampaign.es\\\/blog\\\/octubre-rosa\\\/#article\",\"isPartOf\":{\"@id\":\"https:\\\/\\\/www.giftcampaign.es\\\/blog\\\/octubre-rosa\\\/\"},\"author\":{\"name\":\"GiftCampaign s.l.\",\"@id\":\"https:\\\/\\\/www.giftcampaign.es\\\/blog\\\/#\\\/schema\\\/person\\\/a27aebee742094181944ca22532ed120\"},\"headline\":\"Octubre rosa: \u00bfC\u00f3mo comunicar tu compromiso con este d\u00eda?\",\"datePublished\":\"2022-09-06T11:55:34+00:00\",\"dateModified\":\"2026-01-29T15:33:16+00:00\",\"mainEntityOfPage\":{\"@id\":\"https:\\\/\\\/www.giftcampaign.es\\\/blog\\\/octubre-rosa\\\/\"},\"wordCount\":1078,\"commentCount\":0,\"image\":{\"@id\":\"https:\\\/\\\/www.giftcampaign.es\\\/blog\\\/octubre-rosa\\\/#primaryimage\"},\"thumbnailUrl\":\"https:\\\/\\\/www.giftcampaign.es\\\/blog\\\/wp-content\\\/uploads\\\/2022\\\/09\\\/octubre-rosa.jpg\",\"keywords\":[\"branding\",\"tendencias\"],\"articleSection\":[\"Marketing\",\"Mercado Publicitario\"],\"inLanguage\":\"es\",\"potentialAction\":[{\"@type\":\"CommentAction\",\"name\":\"Comment\",\"target\":[\"https:\\\/\\\/www.giftcampaign.es\\\/blog\\\/octubre-rosa\\\/#respond\"]}]},{\"@type\":\"WebPage\",\"@id\":\"https:\\\/\\\/www.giftcampaign.es\\\/blog\\\/octubre-rosa\\\/\",\"url\":\"https:\\\/\\\/www.giftcampaign.es\\\/blog\\\/octubre-rosa\\\/\",\"name\":\"Octubre rosa: \u00bfC\u00f3mo comunicar tu compromiso con este d\u00eda?\",\"isPartOf\":{\"@id\":\"https:\\\/\\\/www.giftcampaign.es\\\/blog\\\/#website\"},\"primaryImageOfPage\":{\"@id\":\"https:\\\/\\\/www.giftcampaign.es\\\/blog\\\/octubre-rosa\\\/#primaryimage\"},\"image\":{\"@id\":\"https:\\\/\\\/www.giftcampaign.es\\\/blog\\\/octubre-rosa\\\/#primaryimage\"},\"thumbnailUrl\":\"https:\\\/\\\/www.giftcampaign.es\\\/blog\\\/wp-content\\\/uploads\\\/2022\\\/09\\\/octubre-rosa.jpg\",\"datePublished\":\"2022-09-06T11:55:34+00:00\",\"dateModified\":\"2026-01-29T15:33:16+00:00\",\"author\":{\"@id\":\"https:\\\/\\\/www.giftcampaign.es\\\/blog\\\/#\\\/schema\\\/person\\\/a27aebee742094181944ca22532ed120\"},\"description\":\"\u00bfTu marca se compromete con el octubre rosa? En nuestro post vamos a explicarte c\u00f3mo comunicarlo a tu audiencia. \u00a1Desc\u00fabrelo!\",\"breadcrumb\":{\"@id\":\"https:\\\/\\\/www.giftcampaign.es\\\/blog\\\/octubre-rosa\\\/#breadcrumb\"},\"inLanguage\":\"es\",\"potentialAction\":[{\"@type\":\"ReadAction\",\"target\":[\"https:\\\/\\\/www.giftcampaign.es\\\/blog\\\/octubre-rosa\\\/\"]}]},{\"@type\":\"ImageObject\",\"inLanguage\":\"es\",\"@id\":\"https:\\\/\\\/www.giftcampaign.es\\\/blog\\\/octubre-rosa\\\/#primaryimage\",\"url\":\"https:\\\/\\\/www.giftcampaign.es\\\/blog\\\/wp-content\\\/uploads\\\/2022\\\/09\\\/octubre-rosa.jpg\",\"contentUrl\":\"https:\\\/\\\/www.giftcampaign.es\\\/blog\\\/wp-content\\\/uploads\\\/2022\\\/09\\\/octubre-rosa.jpg\",\"width\":476,\"height\":226,\"caption\":\"octubre rosa\"},{\"@type\":\"BreadcrumbList\",\"@id\":\"https:\\\/\\\/www.giftcampaign.es\\\/blog\\\/octubre-rosa\\\/#breadcrumb\",\"itemListElement\":[{\"@type\":\"ListItem\",\"position\":1,\"name\":\"Portada\",\"item\":\"https:\\\/\\\/www.giftcampaign.es\\\/blog\\\/\"},{\"@type\":\"ListItem\",\"position\":2,\"name\":\"Octubre rosa: \u00bfC\u00f3mo comunicar tu compromiso con este d\u00eda?\"}]},{\"@type\":\"WebSite\",\"@id\":\"https:\\\/\\\/www.giftcampaign.es\\\/blog\\\/#website\",\"url\":\"https:\\\/\\\/www.giftcampaign.es\\\/blog\\\/\",\"name\":\"Blog GiftCampaign.es\",\"description\":\"Especialistas en regalos de empresa y publicidad\",\"potentialAction\":[{\"@type\":\"SearchAction\",\"target\":{\"@type\":\"EntryPoint\",\"urlTemplate\":\"https:\\\/\\\/www.giftcampaign.es\\\/blog\\\/?s={search_term_string}\"},\"query-input\":{\"@type\":\"PropertyValueSpecification\",\"valueRequired\":true,\"valueName\":\"search_term_string\"}}],\"inLanguage\":\"es\"},{\"@type\":\"Person\",\"@id\":\"https:\\\/\\\/www.giftcampaign.es\\\/blog\\\/#\\\/schema\\\/person\\\/a27aebee742094181944ca22532ed120\",\"name\":\"GiftCampaign s.l.\",\"url\":\"https:\\\/\\\/www.giftcampaign.es\\\/blog\\\/author\\\/admin\\\/\"}]}<\/script>\n<!-- \/ Yoast SEO plugin. -->","yoast_head_json":{"title":"Octubre rosa: \u00bfC\u00f3mo comunicar tu compromiso con este d\u00eda?","description":"\u00bfTu marca se compromete con el octubre rosa? En nuestro post vamos a explicarte c\u00f3mo comunicarlo a tu audiencia. \u00a1Desc\u00fabrelo!","robots":{"index":"index","follow":"follow","max-snippet":"max-snippet:-1","max-image-preview":"max-image-preview:large","max-video-preview":"max-video-preview:-1"},"canonical":"https:\/\/www.giftcampaign.es\/blog\/octubre-rosa\/","og_locale":"es_ES","og_type":"article","og_title":"Octubre rosa: \u00bfC\u00f3mo comunicar tu compromiso con este d\u00eda?","og_description":"\u00bfTu marca se compromete con el octubre rosa? En nuestro post vamos a explicarte c\u00f3mo comunicarlo a tu audiencia. \u00a1Desc\u00fabrelo!","og_url":"https:\/\/www.giftcampaign.es\/blog\/octubre-rosa\/","og_site_name":"Blog GiftCampaign.es","article_published_time":"2022-09-06T11:55:34+00:00","article_modified_time":"2026-01-29T15:33:16+00:00","og_image":[{"width":476,"height":226,"url":"https:\/\/www.giftcampaign.es\/blog\/wp-content\/uploads\/2022\/09\/octubre-rosa.jpg","type":"image\/jpeg"}],"author":"GiftCampaign s.l.","twitter_card":"summary_large_image","twitter_misc":{"Escrito por":"GiftCampaign s.l.","Tiempo de lectura":"6 minutos"},"schema":{"@context":"https:\/\/schema.org","@graph":[{"@type":"Article","@id":"https:\/\/www.giftcampaign.es\/blog\/octubre-rosa\/#article","isPartOf":{"@id":"https:\/\/www.giftcampaign.es\/blog\/octubre-rosa\/"},"author":{"name":"GiftCampaign s.l.","@id":"https:\/\/www.giftcampaign.es\/blog\/#\/schema\/person\/a27aebee742094181944ca22532ed120"},"headline":"Octubre rosa: \u00bfC\u00f3mo comunicar tu compromiso con este d\u00eda?","datePublished":"2022-09-06T11:55:34+00:00","dateModified":"2026-01-29T15:33:16+00:00","mainEntityOfPage":{"@id":"https:\/\/www.giftcampaign.es\/blog\/octubre-rosa\/"},"wordCount":1078,"commentCount":0,"image":{"@id":"https:\/\/www.giftcampaign.es\/blog\/octubre-rosa\/#primaryimage"},"thumbnailUrl":"https:\/\/www.giftcampaign.es\/blog\/wp-content\/uploads\/2022\/09\/octubre-rosa.jpg","keywords":["branding","tendencias"],"articleSection":["Marketing","Mercado Publicitario"],"inLanguage":"es","potentialAction":[{"@type":"CommentAction","name":"Comment","target":["https:\/\/www.giftcampaign.es\/blog\/octubre-rosa\/#respond"]}]},{"@type":"WebPage","@id":"https:\/\/www.giftcampaign.es\/blog\/octubre-rosa\/","url":"https:\/\/www.giftcampaign.es\/blog\/octubre-rosa\/","name":"Octubre rosa: \u00bfC\u00f3mo comunicar tu compromiso con este d\u00eda?","isPartOf":{"@id":"https:\/\/www.giftcampaign.es\/blog\/#website"},"primaryImageOfPage":{"@id":"https:\/\/www.giftcampaign.es\/blog\/octubre-rosa\/#primaryimage"},"image":{"@id":"https:\/\/www.giftcampaign.es\/blog\/octubre-rosa\/#primaryimage"},"thumbnailUrl":"https:\/\/www.giftcampaign.es\/blog\/wp-content\/uploads\/2022\/09\/octubre-rosa.jpg","datePublished":"2022-09-06T11:55:34+00:00","dateModified":"2026-01-29T15:33:16+00:00","author":{"@id":"https:\/\/www.giftcampaign.es\/blog\/#\/schema\/person\/a27aebee742094181944ca22532ed120"},"description":"\u00bfTu marca se compromete con el octubre rosa? En nuestro post vamos a explicarte c\u00f3mo comunicarlo a tu audiencia. \u00a1Desc\u00fabrelo!","breadcrumb":{"@id":"https:\/\/www.giftcampaign.es\/blog\/octubre-rosa\/#breadcrumb"},"inLanguage":"es","potentialAction":[{"@type":"ReadAction","target":["https:\/\/www.giftcampaign.es\/blog\/octubre-rosa\/"]}]},{"@type":"ImageObject","inLanguage":"es","@id":"https:\/\/www.giftcampaign.es\/blog\/octubre-rosa\/#primaryimage","url":"https:\/\/www.giftcampaign.es\/blog\/wp-content\/uploads\/2022\/09\/octubre-rosa.jpg","contentUrl":"https:\/\/www.giftcampaign.es\/blog\/wp-content\/uploads\/2022\/09\/octubre-rosa.jpg","width":476,"height":226,"caption":"octubre rosa"},{"@type":"BreadcrumbList","@id":"https:\/\/www.giftcampaign.es\/blog\/octubre-rosa\/#breadcrumb","itemListElement":[{"@type":"ListItem","position":1,"name":"Portada","item":"https:\/\/www.giftcampaign.es\/blog\/"},{"@type":"ListItem","position":2,"name":"Octubre rosa: \u00bfC\u00f3mo comunicar tu compromiso con este d\u00eda?"}]},{"@type":"WebSite","@id":"https:\/\/www.giftcampaign.es\/blog\/#website","url":"https:\/\/www.giftcampaign.es\/blog\/","name":"Blog GiftCampaign.es","description":"Especialistas en regalos de empresa y publicidad","potentialAction":[{"@type":"SearchAction","target":{"@type":"EntryPoint","urlTemplate":"https:\/\/www.giftcampaign.es\/blog\/?s={search_term_string}"},"query-input":{"@type":"PropertyValueSpecification","valueRequired":true,"valueName":"search_term_string"}}],"inLanguage":"es"},{"@type":"Person","@id":"https:\/\/www.giftcampaign.es\/blog\/#\/schema\/person\/a27aebee742094181944ca22532ed120","name":"GiftCampaign s.l.","url":"https:\/\/www.giftcampaign.es\/blog\/author\/admin\/"}]}},"_links":{"self":[{"href":"https:\/\/www.giftcampaign.es\/blog\/wp-json\/wp\/v2\/posts\/5439","targetHints":{"allow":["GET"]}}],"collection":[{"href":"https:\/\/www.giftcampaign.es\/blog\/wp-json\/wp\/v2\/posts"}],"about":[{"href":"https:\/\/www.giftcampaign.es\/blog\/wp-json\/wp\/v2\/types\/post"}],"author":[{"embeddable":true,"href":"https:\/\/www.giftcampaign.es\/blog\/wp-json\/wp\/v2\/users\/2"}],"replies":[{"embeddable":true,"href":"https:\/\/www.giftcampaign.es\/blog\/wp-json\/wp\/v2\/comments?post=5439"}],"version-history":[{"count":21,"href":"https:\/\/www.giftcampaign.es\/blog\/wp-json\/wp\/v2\/posts\/5439\/revisions"}],"predecessor-version":[{"id":7755,"href":"https:\/\/www.giftcampaign.es\/blog\/wp-json\/wp\/v2\/posts\/5439\/revisions\/7755"}],"wp:featuredmedia":[{"embeddable":true,"href":"https:\/\/www.giftcampaign.es\/blog\/wp-json\/wp\/v2\/media\/5459"}],"wp:attachment":[{"href":"https:\/\/www.giftcampaign.es\/blog\/wp-json\/wp\/v2\/media?parent=5439"}],"wp:term":[{"taxonomy":"category","embeddable":true,"href":"https:\/\/www.giftcampaign.es\/blog\/wp-json\/wp\/v2\/categories?post=5439"},{"taxonomy":"post_tag","embeddable":true,"href":"https:\/\/www.giftcampaign.es\/blog\/wp-json\/wp\/v2\/tags?post=5439"}],"curies":[{"name":"wp","href":"https:\/\/api.w.org\/{rel}","templated":true}]}}